{"id":772,"date":"2019-04-11T18:59:38","date_gmt":"2019-04-11T15:59:38","guid":{"rendered":"http:\/\/kainuunpuutarhayhdistys.fi\/2013\/?p=772"},"modified":"2019-04-11T19:01:20","modified_gmt":"2019-04-11T16:01:20","slug":"puutarhayhdistyksen-matka-kristiinankaupunkiin-15-16-6-2019","status":"publish","type":"post","link":"https:\/\/kainuunpuutarhayhdistys.fi\/?p=772","title":{"rendered":"Puutarhayhdistyksen matka Kristiinankaupunkiin 15.-16.6.2019"},"content":{"rendered":"<p><strong><span style=\"font-family: Arial, sans-serif;\"><span style=\"font-size: medium;\">L\u00e4hde meid\u00e4n mukaan!<\/span><\/span><\/strong><\/p>\n<p><span style=\"font-family: Arial, sans-serif;\"><span style=\"font-size: medium;\"><span style=\"color: #1d2129;\">&#8221;\u00d6ppna portar &#8211; Avoimet portit&#8221; on kulttuuri-, puutarha- ja taidetapahtuma Kristiinankaupungissa, jonka kautta kaupungin pihojen erityinen ymp\u00e4rist\u00f6 sek\u00e4 niiden kulttuuri- ja taideaarteet tulevat sek\u00e4 paikallisella ett\u00e4 valtakunnallisella tasolla tunnetuiksi.<\/span> <\/span><\/span><\/p>\n<p><span style=\"font-family: Arial, sans-serif;\"><span style=\"font-size: medium;\"><span style=\"color: #1d2129;\">Nauti Avoimet Portit -tapahtumassa historian havinasta, kulttuuri- ja taideaarteista seikkaillen vanhan puutalokaupungin vierailukohteissa vieh\u00e4tt\u00e4vill\u00e4 kujilla, pihoissa ja puutarhoissa.<\/span><\/span><\/span><\/p>\n<p><span style=\"font-family: Arial, sans-serif;\"><span style=\"font-size: medium;\"><span style=\"color: #1d2129;\">Vieraanvaraisissa pihoissa, jotka yleens\u00e4 ovat porttien k\u00e4tk\u00f6ss\u00e4, sattuu ja tapahtuu kaikenlaista &#8211; ohjelmassa on muistettu viherpeukaloiden lis\u00e4ksi rakennusperinteen taitajia.<\/span><\/span><\/span><\/p>\n<p><span style=\"font-family: Arial, sans-serif;\"><span style=\"font-size: medium;\"><span style=\"color: #1d2129;\">Loistava tilaisuus tutustua pienen puutalokaupungin el\u00e4m\u00e4nmenoon alkukes\u00e4n hurmaavassa vehreydess\u00e4. Nauti kes\u00e4kuun kukkaloistosta vieraanvaraisessa Cittaslow-kaupungissa, Kristiinankaupungissa ja inspiroidu!<\/span> <\/span><\/span><\/p>\n<p><span style=\"color: #1d2129;\"><span style=\"font-family: Arial, sans-serif;\"><span style=\"font-size: medium;\">Matkaohjelman muut kohteet ovat viel\u00e4 osittain avoimia. Olemme varanneet alustavasti 15 kahden hengen hotellihuonetta, mink\u00e4 vuoksi sitovat ilmoittautumiset on teht\u00e4v\u00e4 24.4. menness\u00e4. Matka toteutuu, mik\u00e4li l\u00e4htij\u00f6it\u00e4 on 25. Mik\u00e4li n\u00e4in k\u00e4y, etsimme kiinnostavat kohteet ja pys\u00e4hdyspaikat ilmoittautumisen p\u00e4\u00e4tytty\u00e4.<\/span><\/span><\/span><\/p>\n<p><span style=\"font-family: Arial, sans-serif;\"><span style=\"font-size: medium;\">Ohjelma<\/span><\/span><\/p>\n<p lang=\"fi-FI\" align=\"LEFT\"><span style=\"font-family: Arial, sans-serif;\"><span style=\"font-size: medium;\"><b>15.6. lauantai<\/b><\/span><\/span><\/p>\n<ul>\n<li><span style=\"font-size: medium; font-family: Arial, sans-serif;\">klo 6 l\u00e4ht\u00f6 Kajaanista<\/span><\/li>\n<li><span style=\"font-size: medium; font-family: Arial, sans-serif;\">kahvi- ja lounastauot matkan varrella<\/span><\/li>\n<li><span style=\"font-size: medium; font-family: Arial, sans-serif;\">13-18 Avoimet Portit -tapahtuma<\/span><\/li>\n<li><span style=\"font-size: medium; font-family: Arial, sans-serif;\">15 alkaen kirjautuminen hotelliin<\/span><\/li>\n<li><span style=\"font-size: medium; font-family: Arial, sans-serif;\">illalla mahdollisuus tutustua omakustanteisesti tapahtumaviikonlopun ohjelmatarjontaan, mm. museo- ja galleriak\u00e4ynti<\/span><\/li>\n<\/ul>\n<p lang=\"fi-FI\" align=\"LEFT\"><span style=\"font-family: Arial, sans-serif;\"><span style=\"font-size: medium;\"><b>16.6. sunnuntai<\/b><\/span><\/span><\/p>\n<ul>\n<li><span style=\"font-size: medium; font-family: Arial, sans-serif;\">11 paluumatka alkaa<\/span><\/li>\n<li><span style=\"font-size: medium; font-family: Arial, sans-serif;\">matkan varrella tutustumiskohteena yksityispuutarha ja puutarhamyym\u00e4l\u00e4<\/span><\/li>\n<li><span style=\"font-family: Arial, sans-serif;\"><span style=\"font-size: medium;\">ruoka- ja kahvitauot matkan varrella<\/span><\/span><\/li>\n<\/ul>\n<p lang=\"fi-FI\" align=\"LEFT\"><strong>Hinta<\/strong><\/p>\n<ul>\n<li><span style=\"font-family: Arial, sans-serif;\"><span style=\"font-size: small;\"><span style=\"font-size: medium;\">Hinta jos l\u00e4htij\u00f6it\u00e4 on 30: 129,25 \u20ac. Yhdistyksen ulkopuoliselle henkil\u00f6lle 144,85 \u20ac<\/span><\/span><\/span><\/li>\n<li><span style=\"font-family: Arial, sans-serif;\"><span style=\"font-size: small;\"><span style=\"font-size: medium;\">Hinta jos l\u00e4htij\u00f6it\u00e4 on 25: 140,50 \u20ac. Yhdistyksen ulkopuoliselle henkil\u00f6lle 155,50 \u20ac<\/span><\/span><\/span><\/li>\n<li><span style=\"font-family: Arial, sans-serif;\"><span style=\"font-size: small;\"><span style=\"font-size: medium;\">Hinta sis\u00e4lt\u00e4\u00e4 matkan, hotellihuoneen (2 hl\u00f6\u00e4\/huone) keskustassa aamiaisineen, Avoimet Portit -rannekkeen, ateriat meno- ja paluumatkalla. <\/span><\/span><\/span><\/li>\n<\/ul>\n<p lang=\"fi-FI\" align=\"LEFT\"><span style=\"font-family: Calibri, sans-serif;\"><span style=\"font-size: small;\"><span style=\"font-family: Arial, sans-serif;\"><span style=\"font-size: medium;\"><b>Sitova ilmoittautuminen 24.4.2019 menness\u00e4 Asta V\u00e4yryselle. S\u00e4hk\u00f6postilla <\/b><\/span><\/span><a href=\"mailto:narda2a@gmail.com\"><span style=\"color: #0000ff;\"><span style=\"font-family: Arial, sans-serif;\"><span style=\"font-size: medium;\"><span style=\"text-decoration: underline;\"><b>narda2a(at)gmail.com<\/b><\/span><\/span><\/span><\/span><\/a><span style=\"font-family: Arial, sans-serif;\"><span style=\"font-size: medium;\"><b> tai tekstiviestill\u00e4 puh. 041 435 9134<\/b><\/span><\/span><\/span><\/span><\/p>\n<p lang=\"fi-FI\" align=\"LEFT\"><span style=\"font-family: Calibri, sans-serif;\"><span style=\"font-size: small;\"><a href=\"http:\/\/www.hotelkristina.fi\/index\"><span style=\"color: #0000ff;\"><span style=\"font-family: Arial, sans-serif;\"><span style=\"font-size: medium;\"><span style=\"text-decoration: underline;\">http:\/\/www.hotelkristina.fi\/index<\/span><\/span><\/span><\/span><\/a><span style=\"font-family: Arial, sans-serif;\"><span style=\"font-size: medium;\"> linkki Hotelli Kristiinaan ja siell\u00e4 on lis\u00e4\u00e4 vinkkej\u00e4 Kristiinankaupungista.<\/span><\/span><\/span><\/span><\/p>\n<p lang=\"fi-FI\" align=\"LEFT\"><span style=\"font-family: Calibri, sans-serif;\"><span style=\"font-size: small;\"><a href=\"http:\/\/www.kristinestad.fi\/vapaa-aika\/kulttuuri\/avoimet-portit\/\" target=\"_blank\"><span style=\"color: #0000ff;\"><span style=\"font-family: Arial, sans-serif;\"><span style=\"font-size: medium;\"><span style=\"text-decoration: underline;\">http:\/\/www.kristinestad.fi\/vapaa-aika\/kulttuuri\/avoimet-portit\/<\/span><\/span><\/span><\/span><\/a><span style=\"font-family: Arial, sans-serif;\"><span style=\"font-size: medium;\"> linkki Avoimet Portit -tapahtumatietoihin. <\/span><\/span><\/span><\/span><\/p>\n<p lang=\"fi-FI\" align=\"LEFT\"><span style=\"font-family: Calibri, sans-serif;\"><span style=\"font-size: small;\"><span style=\"font-family: Arial, sans-serif;\"><span style=\"font-size: medium;\">Avoimet Portit l\u00f6ytyy my\u00f6s Facebookista: <a href=\"https:\/\/www.facebook.com\/oppnaportar.avoimetportit\/\" target=\"_blank\">https:\/\/www.facebook.com\/oppnaportar.avoimetportit\/<\/a><\/span><\/span><\/span><\/span><\/p>\n","protected":false},"excerpt":{"rendered":"<p>L\u00e4hde meid\u00e4n mukaan! &#8221;\u00d6ppna portar &#8211; Avoimet portit&#8221; on kulttuuri-, puutarha- ja taidetapahtuma Kristiinankaupungissa, jonka kautta kaupungin pihojen erityinen ymp\u00e4rist\u00f6 sek\u00e4 niiden kulttuuri- ja taideaarteet tulevat sek\u00e4 paikallisella ett\u00e4 valtakunnallisella tasolla tunnetuiksi. Nauti Avoimet Portit -tapahtumassa historian havinasta, kulttuuri- ja taideaarteista seikkaillen vanhan puutalokaupungin vierailukohteissa vieh\u00e4tt\u00e4vill\u00e4 kujilla, pihoissa ja puutarhoissa. Vieraanvaraisissa pihoissa, jotka yleens\u00e4 ovat&#8230;<\/p>\n<p class=\"more-link-wrap\"><a href=\"https:\/\/kainuunpuutarhayhdistys.fi\/?p=772\" class=\"more-link\">Read More<span class=\"screen-reader-text\"> &ldquo;Puutarhayhdistyksen matka Kristiinankaupunkiin 15.-16.6.2019&rdquo;<\/span> &raquo;<\/a><\/p>\n","protected":false},"author":10,"featured_media":0,"comment_status":"closed","ping_status":"closed","sticky":false,"template":"","format":"standard","meta":{"footnotes":""},"categories":[1],"tags":[],"class_list":["post-772","post","type-post","status-publish","format-standard","hentry","category-yleinen"],"_links":{"self":[{"href":"https:\/\/kainuunpuutarhayhdistys.fi\/index.php?rest_route=\/wp\/v2\/posts\/772","targetHints":{"allow":["GET"]}}],"collection":[{"href":"https:\/\/kainuunpuutarhayhdistys.fi\/index.php?rest_route=\/wp\/v2\/posts"}],"about":[{"href":"https:\/\/kainuunpuutarhayhdistys.fi\/index.php?rest_route=\/wp\/v2\/types\/post"}],"author":[{"embeddable":true,"href":"https:\/\/kainuunpuutarhayhdistys.fi\/index.php?rest_route=\/wp\/v2\/users\/10"}],"replies":[{"embeddable":true,"href":"https:\/\/kainuunpuutarhayhdistys.fi\/index.php?rest_route=%2Fwp%2Fv2%2Fcomments&post=772"}],"version-history":[{"count":3,"href":"https:\/\/kainuunpuutarhayhdistys.fi\/index.php?rest_route=\/wp\/v2\/posts\/772\/revisions"}],"predecessor-version":[{"id":774,"href":"https:\/\/kainuunpuutarhayhdistys.fi\/index.php?rest_route=\/wp\/v2\/posts\/772\/revisions\/774"}],"wp:attachment":[{"href":"https:\/\/kainuunpuutarhayhdistys.fi\/index.php?rest_route=%2Fwp%2Fv2%2Fmedia&parent=772"}],"wp:term":[{"taxonomy":"category","embeddable":true,"href":"https:\/\/kainuunpuutarhayhdistys.fi\/index.php?rest_route=%2Fwp%2Fv2%2Fcategories&post=772"},{"taxonomy":"post_tag","embeddable":true,"href":"https:\/\/kainuunpuutarhayhdistys.fi\/index.php?rest_route=%2Fwp%2Fv2%2Ftags&post=772"}],"curies":[{"name":"wp","href":"https:\/\/api.w.org\/{rel}","templated":true}]}}